{"id":2364,"date":"2022-12-25T13:58:48","date_gmt":"2022-12-25T12:58:48","guid":{"rendered":"https:\/\/online.teledom.sk\/co-bude-po-covid-19\/"},"modified":"2022-12-25T13:58:48","modified_gmt":"2022-12-25T12:58:48","slug":"co-bude-po-covid-19","status":"publish","type":"post","link":"https:\/\/online.teledom.sk\/en\/co-bude-po-covid-19\/","title":{"rendered":"\u010co bude po COVID 19?"},"content":{"rendered":"\n<p>S\u00e9ria m\u00edtingov zameran\u00fdch na v\u00fdmenu n\u00e1zorov ako sa pripravi\u0165 pre nov\u00fa bud\u00facnos\u0165 jednotlivcov a firiem po COVID-19.<\/p>\n\n\n\n<ul class=\"wp-block-list\">\n<li><strong>Rozpis m\u00edtingov \u201c\u010co bude po COVID-19?\u201d:<\/strong><\/li>\n\n\n\n<li>0420 Pl\u00e1novanie na\u0161ej bud\u00facnosti \u2013 Moder\u00e1tor: Attila T\u00f3th<\/li>\n\n\n\n<li>0427 Ekonomika Slovenskej Republiky \u2013 Moder\u00e1tor: Attila T\u00f3th<\/li>\n\n\n\n<li>0504 The EU Perspective \u2013 Moder\u00e1tor: Attila T\u00f3th<\/li>\n\n\n\n<li>0511 Obce Online \u2013 Moder\u00e1tor: Martin Moj\u017ei\u0161<\/li>\n\n\n\n<li>0518 Pracovn\u00e9 prostredie \u2013 Moder\u00e1tor: Jozef Balun<\/li>\n\n\n\n<li>0525 Hodnotenie s\u00e9rie m\u00edtingov \u2013 Moder\u00e1tor: Attila T\u00f3th<\/li>\n<\/ul>\n\n\n\n<p><strong>Tematick\u00e1 osnova:&nbsp;<\/strong>Uvedenie s\u00e9ri\u00ed m\u00edtingov zameran\u00fdch na v\u00fdmenu n\u00e1zorov ako sa pripravi\u0165 pre nov\u00fa bud\u00facnos\u0165 jednotlivcov a firiem po COVID-19. Prezentujeme aj pr\u00edspevok TeleDom Online pre t\u00fato nov\u00fa bud\u00facnos\u0165.<\/p>\n\n\n\n<p><strong>Podmienka \u00fa\u010dasti:&nbsp;<\/strong>verejn\u00fd m\u00edting bez poplatku, v\u0161etky otvoren\u00e9 hlavy s\u00fa v\u00edtan\u00e9. \u00da\u010das\u0165 si na m\u00edtingu si nevy\u017eaduje va\u0161u registr\u00e1ciu.<\/p>\n\n\n\n<p>Pros\u00edm vstupujte 5 min\u00fat pred \u010dasom zah\u00e1jenie m\u00edtingu kliknut\u00edm na&nbsp;<strong>Linka&nbsp;&nbsp;<\/strong>na tabuli aktu\u00e1lnych m\u00edtingov, ktor\u00fa si n\u00e1jdete na hlavnej str\u00e1nke TeleDom Online.<\/p>\n\n\n\n<p><strong>Ak e\u0161te nie ste<\/strong>&nbsp;registrovan\u00fd v Syst\u00e9me TeleDom, tak v\u00e1m odpor\u00fa\u010dame,&nbsp;<strong>registrujte sa ako Hos\u0165<\/strong>&nbsp;. Va\u0161a registr\u00e1cia je bezplatn\u00e1 a umo\u017en\u00ed, aby sme V\u00e1m poslali priebe\u017ene v\u0161etky potrebn\u00e9 inform\u00e1cie (Pozv\u00e1nky a z\u00e1znamy verejn\u00fdch m\u00edtingov) o t\u00e9mach ktor\u00e9 ste si zvolili pri registr\u00e1cii.<\/p>\n\n\n\n<p>Te\u0161\u00edm sa na stretnutie s Vami.<\/p>\n\n\n\n<p><strong>Attila T\u00f3th<\/strong>, Moder\u00e1tor m\u00edtingu<br>toth@novitechgroup.sk<\/p>\n\n\n\n<div class=\"wp-block-columns is-layout-flex wp-container-core-columns-is-layout-1 wp-block-columns-is-layout-flex\">\n<div class=\"wp-block-column is-layout-flow wp-block-column-is-layout-flow\">\n<figure class=\"wp-block-embed is-type-rich is-provider-vlozit-handler wp-block-embed-vlozit-handler wp-embed-aspect-16-9 wp-has-aspect-ratio\"><div class=\"wp-block-embed__wrapper\">\n<iframe title=\"\u010co bude po COVID 19?  20.4.2020\" width=\"640\" height=\"360\" src=\"https:\/\/www.youtube.com\/embed\/RUaNm31ys44?feature=oembed\" frameborder=\"0\" allow=\"accelerometer; autoplay; clipboard-write; encrypted-media; gyroscope; picture-in-picture; web-share\" referrerpolicy=\"strict-origin-when-cross-origin\" allowfullscreen><\/iframe>\n<\/div><figcaption class=\"wp-element-caption\">\u010co bude po COVID 19? \u2013 \u00davod<br>20.4.2020<\/figcaption><\/figure>\n\n\n\n<figure class=\"wp-block-embed is-type-video is-provider-youtube wp-block-embed-youtube wp-embed-aspect-16-9 wp-has-aspect-ratio\"><div class=\"wp-block-embed__wrapper\">\n<iframe title=\"\u010co bude po COVID19? - Obce online\" width=\"640\" height=\"360\" src=\"https:\/\/www.youtube.com\/embed\/OkGGU5iaGqc?feature=oembed\" frameborder=\"0\" allow=\"accelerometer; autoplay; clipboard-write; encrypted-media; gyroscope; picture-in-picture; web-share\" referrerpolicy=\"strict-origin-when-cross-origin\" allowfullscreen><\/iframe>\n<\/div><figcaption class=\"wp-element-caption\">\u010co bude po COVID 19? \u2013 Obce Online<br>11.5.2020<\/figcaption><\/figure>\n\n\n\n<p><\/p>\n<\/div>\n\n\n\n<div class=\"wp-block-column is-layout-flow wp-block-column-is-layout-flow\">\n<figure class=\"wp-block-embed is-type-video is-provider-youtube wp-block-embed-youtube wp-embed-aspect-16-9 wp-has-aspect-ratio\"><div class=\"wp-block-embed__wrapper\">\n<iframe title=\"\u010co bude po COVID 19? - \u010das\u0165 2.  Ekonomika SR\" width=\"640\" height=\"360\" src=\"https:\/\/www.youtube.com\/embed\/Z74Aak9MD-0?feature=oembed\" frameborder=\"0\" allow=\"accelerometer; autoplay; clipboard-write; encrypted-media; gyroscope; picture-in-picture; web-share\" referrerpolicy=\"strict-origin-when-cross-origin\" allowfullscreen><\/iframe>\n<\/div><figcaption class=\"wp-element-caption\">\u010co bude po COVID 19? \u2013 Ekonomika SR<br>27.4.2020<\/figcaption><\/figure>\n\n\n\n<figure class=\"wp-block-embed is-type-video is-provider-youtube wp-block-embed-youtube wp-embed-aspect-16-9 wp-has-aspect-ratio\"><div class=\"wp-block-embed__wrapper\">\n<iframe title=\"\u010co bude po COVID 19 ?   Pracovn\u00e9 prostredie\" width=\"640\" height=\"360\" src=\"https:\/\/www.youtube.com\/embed\/Qsk4mIRKjeA?feature=oembed\" frameborder=\"0\" allow=\"accelerometer; autoplay; clipboard-write; encrypted-media; gyroscope; picture-in-picture; web-share\" referrerpolicy=\"strict-origin-when-cross-origin\" allowfullscreen><\/iframe>\n<\/div><figcaption class=\"wp-element-caption\">\u010co bude po COVID 19? \u2013 Pracovn\u00e9 prostredie<br>18.5.2020<\/figcaption><\/figure>\n<\/div>\n\n\n\n<div class=\"wp-block-column is-layout-flow wp-block-column-is-layout-flow\">\n<figure class=\"wp-block-embed is-type-video is-provider-youtube wp-block-embed-youtube wp-embed-aspect-16-9 wp-has-aspect-ratio\"><div class=\"wp-block-embed__wrapper\">\n<iframe title=\"\u010co bude po COVID 19 - EU Perspective\" width=\"640\" height=\"360\" src=\"https:\/\/www.youtube.com\/embed\/_XIsiz-0xPI?feature=oembed\" frameborder=\"0\" allow=\"accelerometer; autoplay; clipboard-write; encrypted-media; gyroscope; picture-in-picture; web-share\" referrerpolicy=\"strict-origin-when-cross-origin\" allowfullscreen><\/iframe>\n<\/div><figcaption class=\"wp-element-caption\">\u010co bude po COVID 19? \u2013 The EU Perspective<br>4.5.2020<\/figcaption><\/figure>\n\n\n\n<figure class=\"wp-block-embed is-type-video is-provider-youtube wp-block-embed-youtube wp-embed-aspect-16-9 wp-has-aspect-ratio\"><div class=\"wp-block-embed__wrapper\">\n<iframe title=\"\u010co bude po COVID 19? - Hodnotenie s\u00e9rie\" width=\"640\" height=\"360\" src=\"https:\/\/www.youtube.com\/embed\/3sNx47xzRUQ?feature=oembed\" frameborder=\"0\" allow=\"accelerometer; autoplay; clipboard-write; encrypted-media; gyroscope; picture-in-picture; web-share\" referrerpolicy=\"strict-origin-when-cross-origin\" allowfullscreen><\/iframe>\n<\/div><figcaption class=\"wp-element-caption\">\u010co bude po COVID 19? \u2013 Hodnotenie s\u00e9rie<br>25.5.2020<\/figcaption><\/figure>\n<\/div>\n<\/div>\n","protected":false},"excerpt":{"rendered":"<p>S\u00e9ria m\u00edtingov zameran\u00fdch na v\u00fdmenu n\u00e1zorov ako sa pripravi\u0165 pre nov\u00fa bud\u00facnos\u0165 jednotlivcov a firiem po COVID-19.<\/p>\n","protected":false},"author":2,"featured_media":2124,"comment_status":"open","ping_status":"open","sticky":false,"template":"","format":"video","meta":{"_monsterinsights_skip_tracking":false,"_monsterinsights_sitenote_active":false,"_monsterinsights_sitenote_note":"","_monsterinsights_sitenote_category":0,"footnotes":""},"categories":[33],"tags":[],"class_list":["post-2364","post","type-post","status-publish","format-video","has-post-thumbnail","hentry","category-meeting-recordings","post_format-post-format-video"],"yoast_head":"<!-- This site is optimized with the Yoast SEO plugin v24.7 - https:\/\/yoast.com\/wordpress\/plugins\/seo\/ -->\n<title>\u010co bude po COVID 19? | Online TeleDom<\/title>\n<meta name=\"robots\" content=\"index, follow, max-snippet:-1, max-image-preview:large, max-video-preview:-1\" \/>\n<link rel=\"canonical\" href=\"https:\/\/online.teledom.sk\/en\/co-bude-po-covid-19\/\" \/>\n<meta property=\"og:locale\" content=\"en_US\" \/>\n<meta property=\"og:type\" content=\"article\" \/>\n<meta property=\"og:title\" content=\"\u010co bude po COVID 19? | Online TeleDom\" \/>\n<meta property=\"og:description\" content=\"S\u00e9ria m\u00edtingov zameran\u00fdch na v\u00fdmenu n\u00e1zorov ako sa pripravi\u0165 pre nov\u00fa bud\u00facnos\u0165 jednotlivcov a firiem po COVID-19.\" \/>\n<meta property=\"og:url\" content=\"https:\/\/online.teledom.sk\/en\/co-bude-po-covid-19\/\" \/>\n<meta property=\"og:site_name\" content=\"Online TeleDom\" \/>\n<meta property=\"article:published_time\" content=\"2022-12-25T12:58:48+00:00\" \/>\n<meta name=\"author\" content=\"Hanna Akymchenko\" \/>\n<meta name=\"twitter:card\" content=\"summary_large_image\" \/>\n<meta name=\"twitter:label1\" content=\"Written by\" \/>\n\t<meta name=\"twitter:data1\" content=\"Hanna Akymchenko\" \/>\n\t<meta name=\"twitter:label2\" content=\"Est. reading time\" \/>\n\t<meta name=\"twitter:data2\" content=\"2 minutes\" \/>\n<script type=\"application\/ld+json\" class=\"yoast-schema-graph\">{\"@context\":\"https:\/\/schema.org\",\"@graph\":[{\"@type\":\"Article\",\"@id\":\"https:\/\/online.teledom.sk\/en\/co-bude-po-covid-19\/#article\",\"isPartOf\":{\"@id\":\"https:\/\/online.teledom.sk\/en\/co-bude-po-covid-19\/\"},\"author\":{\"name\":\"Hanna Akymchenko\",\"@id\":\"https:\/\/online.teledom.sk\/en\/#\/schema\/person\/1af0ec4952030bd809841f51baa35ca4\"},\"headline\":\"\u010co bude po COVID 19?\",\"datePublished\":\"2022-12-25T12:58:48+00:00\",\"mainEntityOfPage\":{\"@id\":\"https:\/\/online.teledom.sk\/en\/co-bude-po-covid-19\/\"},\"wordCount\":332,\"commentCount\":0,\"publisher\":{\"@id\":\"https:\/\/online.teledom.sk\/en\/#organization\"},\"image\":{\"@id\":\"https:\/\/online.teledom.sk\/en\/co-bude-po-covid-19\/#primaryimage\"},\"thumbnailUrl\":\"https:\/\/online.teledom.sk\/wp-content\/uploads\/2022\/12\/surgical-mask.webp\",\"articleSection\":[\"Meeting recordings\"],\"inLanguage\":\"en-US\",\"potentialAction\":[{\"@type\":\"CommentAction\",\"name\":\"Comment\",\"target\":[\"https:\/\/online.teledom.sk\/en\/co-bude-po-covid-19\/#respond\"]}]},{\"@type\":\"WebPage\",\"@id\":\"https:\/\/online.teledom.sk\/en\/co-bude-po-covid-19\/\",\"url\":\"https:\/\/online.teledom.sk\/en\/co-bude-po-covid-19\/\",\"name\":\"\u010co bude po COVID 19? | Online TeleDom\",\"isPartOf\":{\"@id\":\"https:\/\/online.teledom.sk\/en\/#website\"},\"primaryImageOfPage\":{\"@id\":\"https:\/\/online.teledom.sk\/en\/co-bude-po-covid-19\/#primaryimage\"},\"image\":{\"@id\":\"https:\/\/online.teledom.sk\/en\/co-bude-po-covid-19\/#primaryimage\"},\"thumbnailUrl\":\"https:\/\/online.teledom.sk\/wp-content\/uploads\/2022\/12\/surgical-mask.webp\",\"datePublished\":\"2022-12-25T12:58:48+00:00\",\"breadcrumb\":{\"@id\":\"https:\/\/online.teledom.sk\/en\/co-bude-po-covid-19\/#breadcrumb\"},\"inLanguage\":\"en-US\",\"potentialAction\":[{\"@type\":\"ReadAction\",\"target\":[\"https:\/\/online.teledom.sk\/en\/co-bude-po-covid-19\/\"]}]},{\"@type\":\"ImageObject\",\"inLanguage\":\"en-US\",\"@id\":\"https:\/\/online.teledom.sk\/en\/co-bude-po-covid-19\/#primaryimage\",\"url\":\"https:\/\/online.teledom.sk\/wp-content\/uploads\/2022\/12\/surgical-mask.webp\",\"contentUrl\":\"https:\/\/online.teledom.sk\/wp-content\/uploads\/2022\/12\/surgical-mask.webp\",\"width\":1200,\"height\":801},{\"@type\":\"BreadcrumbList\",\"@id\":\"https:\/\/online.teledom.sk\/en\/co-bude-po-covid-19\/#breadcrumb\",\"itemListElement\":[{\"@type\":\"ListItem\",\"position\":1,\"name\":\"Home\",\"item\":\"https:\/\/online.teledom.sk\/en\/\"},{\"@type\":\"ListItem\",\"position\":2,\"name\":\"\u010co bude po COVID 19?\"}]},{\"@type\":\"WebSite\",\"@id\":\"https:\/\/online.teledom.sk\/en\/#website\",\"url\":\"https:\/\/online.teledom.sk\/en\/\",\"name\":\"Online TeleDom\",\"description\":\"Roz\u0161\u00edrte si svoje vedomost\u00ed online!\",\"publisher\":{\"@id\":\"https:\/\/online.teledom.sk\/en\/#organization\"},\"potentialAction\":[{\"@type\":\"SearchAction\",\"target\":{\"@type\":\"EntryPoint\",\"urlTemplate\":\"https:\/\/online.teledom.sk\/en\/?s={search_term_string}\"},\"query-input\":{\"@type\":\"PropertyValueSpecification\",\"valueRequired\":true,\"valueName\":\"search_term_string\"}}],\"inLanguage\":\"en-US\"},{\"@type\":\"Organization\",\"@id\":\"https:\/\/online.teledom.sk\/en\/#organization\",\"name\":\"Online TeleDom\",\"url\":\"https:\/\/online.teledom.sk\/en\/\",\"logo\":{\"@type\":\"ImageObject\",\"inLanguage\":\"en-US\",\"@id\":\"https:\/\/online.teledom.sk\/en\/#\/schema\/logo\/image\/\",\"url\":\"https:\/\/online.teledom.sk\/wp-content\/uploads\/2022\/12\/logo.webp\",\"contentUrl\":\"https:\/\/online.teledom.sk\/wp-content\/uploads\/2022\/12\/logo.webp\",\"width\":191,\"height\":46,\"caption\":\"Online TeleDom\"},\"image\":{\"@id\":\"https:\/\/online.teledom.sk\/en\/#\/schema\/logo\/image\/\"}},{\"@type\":\"Person\",\"@id\":\"https:\/\/online.teledom.sk\/en\/#\/schema\/person\/1af0ec4952030bd809841f51baa35ca4\",\"name\":\"Hanna Akymchenko\",\"image\":{\"@type\":\"ImageObject\",\"inLanguage\":\"en-US\",\"@id\":\"https:\/\/online.teledom.sk\/en\/#\/schema\/person\/image\/\",\"url\":\"https:\/\/secure.gravatar.com\/avatar\/adef7eda345782ab23eec64499990814?s=96&d=mm&r=g\",\"contentUrl\":\"https:\/\/secure.gravatar.com\/avatar\/adef7eda345782ab23eec64499990814?s=96&d=mm&r=g\",\"caption\":\"Hanna Akymchenko\"},\"url\":\"https:\/\/online.teledom.sk\/en\/author\/akymchenko\/\"}]}<\/script>\n<!-- \/ Yoast SEO plugin. -->","yoast_head_json":{"title":"\u010co bude po COVID 19? | Online TeleDom","robots":{"index":"index","follow":"follow","max-snippet":"max-snippet:-1","max-image-preview":"max-image-preview:large","max-video-preview":"max-video-preview:-1"},"canonical":"https:\/\/online.teledom.sk\/en\/co-bude-po-covid-19\/","og_locale":"en_US","og_type":"article","og_title":"\u010co bude po COVID 19? | Online TeleDom","og_description":"S\u00e9ria m\u00edtingov zameran\u00fdch na v\u00fdmenu n\u00e1zorov ako sa pripravi\u0165 pre nov\u00fa bud\u00facnos\u0165 jednotlivcov a firiem po COVID-19.","og_url":"https:\/\/online.teledom.sk\/en\/co-bude-po-covid-19\/","og_site_name":"Online TeleDom","article_published_time":"2022-12-25T12:58:48+00:00","author":"Hanna Akymchenko","twitter_card":"summary_large_image","twitter_misc":{"Written by":"Hanna Akymchenko","Est. reading time":"2 minutes"},"schema":{"@context":"https:\/\/schema.org","@graph":[{"@type":"Article","@id":"https:\/\/online.teledom.sk\/en\/co-bude-po-covid-19\/#article","isPartOf":{"@id":"https:\/\/online.teledom.sk\/en\/co-bude-po-covid-19\/"},"author":{"name":"Hanna Akymchenko","@id":"https:\/\/online.teledom.sk\/en\/#\/schema\/person\/1af0ec4952030bd809841f51baa35ca4"},"headline":"\u010co bude po COVID 19?","datePublished":"2022-12-25T12:58:48+00:00","mainEntityOfPage":{"@id":"https:\/\/online.teledom.sk\/en\/co-bude-po-covid-19\/"},"wordCount":332,"commentCount":0,"publisher":{"@id":"https:\/\/online.teledom.sk\/en\/#organization"},"image":{"@id":"https:\/\/online.teledom.sk\/en\/co-bude-po-covid-19\/#primaryimage"},"thumbnailUrl":"https:\/\/online.teledom.sk\/wp-content\/uploads\/2022\/12\/surgical-mask.webp","articleSection":["Meeting recordings"],"inLanguage":"en-US","potentialAction":[{"@type":"CommentAction","name":"Comment","target":["https:\/\/online.teledom.sk\/en\/co-bude-po-covid-19\/#respond"]}]},{"@type":"WebPage","@id":"https:\/\/online.teledom.sk\/en\/co-bude-po-covid-19\/","url":"https:\/\/online.teledom.sk\/en\/co-bude-po-covid-19\/","name":"\u010co bude po COVID 19? | Online TeleDom","isPartOf":{"@id":"https:\/\/online.teledom.sk\/en\/#website"},"primaryImageOfPage":{"@id":"https:\/\/online.teledom.sk\/en\/co-bude-po-covid-19\/#primaryimage"},"image":{"@id":"https:\/\/online.teledom.sk\/en\/co-bude-po-covid-19\/#primaryimage"},"thumbnailUrl":"https:\/\/online.teledom.sk\/wp-content\/uploads\/2022\/12\/surgical-mask.webp","datePublished":"2022-12-25T12:58:48+00:00","breadcrumb":{"@id":"https:\/\/online.teledom.sk\/en\/co-bude-po-covid-19\/#breadcrumb"},"inLanguage":"en-US","potentialAction":[{"@type":"ReadAction","target":["https:\/\/online.teledom.sk\/en\/co-bude-po-covid-19\/"]}]},{"@type":"ImageObject","inLanguage":"en-US","@id":"https:\/\/online.teledom.sk\/en\/co-bude-po-covid-19\/#primaryimage","url":"https:\/\/online.teledom.sk\/wp-content\/uploads\/2022\/12\/surgical-mask.webp","contentUrl":"https:\/\/online.teledom.sk\/wp-content\/uploads\/2022\/12\/surgical-mask.webp","width":1200,"height":801},{"@type":"BreadcrumbList","@id":"https:\/\/online.teledom.sk\/en\/co-bude-po-covid-19\/#breadcrumb","itemListElement":[{"@type":"ListItem","position":1,"name":"Home","item":"https:\/\/online.teledom.sk\/en\/"},{"@type":"ListItem","position":2,"name":"\u010co bude po COVID 19?"}]},{"@type":"WebSite","@id":"https:\/\/online.teledom.sk\/en\/#website","url":"https:\/\/online.teledom.sk\/en\/","name":"Online TeleDom","description":"Roz\u0161\u00edrte si svoje vedomost\u00ed online!","publisher":{"@id":"https:\/\/online.teledom.sk\/en\/#organization"},"potentialAction":[{"@type":"SearchAction","target":{"@type":"EntryPoint","urlTemplate":"https:\/\/online.teledom.sk\/en\/?s={search_term_string}"},"query-input":{"@type":"PropertyValueSpecification","valueRequired":true,"valueName":"search_term_string"}}],"inLanguage":"en-US"},{"@type":"Organization","@id":"https:\/\/online.teledom.sk\/en\/#organization","name":"Online TeleDom","url":"https:\/\/online.teledom.sk\/en\/","logo":{"@type":"ImageObject","inLanguage":"en-US","@id":"https:\/\/online.teledom.sk\/en\/#\/schema\/logo\/image\/","url":"https:\/\/online.teledom.sk\/wp-content\/uploads\/2022\/12\/logo.webp","contentUrl":"https:\/\/online.teledom.sk\/wp-content\/uploads\/2022\/12\/logo.webp","width":191,"height":46,"caption":"Online TeleDom"},"image":{"@id":"https:\/\/online.teledom.sk\/en\/#\/schema\/logo\/image\/"}},{"@type":"Person","@id":"https:\/\/online.teledom.sk\/en\/#\/schema\/person\/1af0ec4952030bd809841f51baa35ca4","name":"Hanna Akymchenko","image":{"@type":"ImageObject","inLanguage":"en-US","@id":"https:\/\/online.teledom.sk\/en\/#\/schema\/person\/image\/","url":"https:\/\/secure.gravatar.com\/avatar\/adef7eda345782ab23eec64499990814?s=96&d=mm&r=g","contentUrl":"https:\/\/secure.gravatar.com\/avatar\/adef7eda345782ab23eec64499990814?s=96&d=mm&r=g","caption":"Hanna Akymchenko"},"url":"https:\/\/online.teledom.sk\/en\/author\/akymchenko\/"}]}},"_links":{"self":[{"href":"https:\/\/online.teledom.sk\/en\/wp-json\/wp\/v2\/posts\/2364","targetHints":{"allow":["GET"]}}],"collection":[{"href":"https:\/\/online.teledom.sk\/en\/wp-json\/wp\/v2\/posts"}],"about":[{"href":"https:\/\/online.teledom.sk\/en\/wp-json\/wp\/v2\/types\/post"}],"author":[{"embeddable":true,"href":"https:\/\/online.teledom.sk\/en\/wp-json\/wp\/v2\/users\/2"}],"replies":[{"embeddable":true,"href":"https:\/\/online.teledom.sk\/en\/wp-json\/wp\/v2\/comments?post=2364"}],"version-history":[{"count":0,"href":"https:\/\/online.teledom.sk\/en\/wp-json\/wp\/v2\/posts\/2364\/revisions"}],"wp:featuredmedia":[{"embeddable":true,"href":"https:\/\/online.teledom.sk\/en\/wp-json\/wp\/v2\/media\/2124"}],"wp:attachment":[{"href":"https:\/\/online.teledom.sk\/en\/wp-json\/wp\/v2\/media?parent=2364"}],"wp:term":[{"taxonomy":"category","embeddable":true,"href":"https:\/\/online.teledom.sk\/en\/wp-json\/wp\/v2\/categories?post=2364"},{"taxonomy":"post_tag","embeddable":true,"href":"https:\/\/online.teledom.sk\/en\/wp-json\/wp\/v2\/tags?post=2364"}],"curies":[{"name":"wp","href":"https:\/\/api.w.org\/{rel}","templated":true}]}}